{"id":1011,"date":"2018-10-02T07:35:07","date_gmt":"2018-10-02T07:35:07","guid":{"rendered":"https:\/\/www.bolagsstiftarna.se\/tack-srf-och-massan\/"},"modified":"2018-10-02T07:35:07","modified_gmt":"2018-10-02T07:35:07","slug":"tack-srf-och-massan","status":"publish","type":"post","link":"https:\/\/www.bolagsstiftarna.se\/en\/tack-srf-och-massan\/","title":{"rendered":"Tack SRF och m\u00e4ssan Ekonomi &#038; F\u00f6retag!"},"content":{"rendered":"<p><img loading=\"lazy\" decoding=\"async\" class=\"alignleft size-full wp-image-3157\" src=\"https:\/\/www.bolagsstiftarna.se\/wp-content\/uploads\/2018\/09\/IMG_4970.jpg\" alt=\"\" width=\"320\" height=\"240\" \/><img loading=\"lazy\" decoding=\"async\" class=\"alignleft size-full wp-image-3156\" src=\"https:\/\/www.bolagsstiftarna.se\/wp-content\/uploads\/2018\/09\/IMG_4978.jpg\" alt=\"\" width=\"320\" height=\"240\" \/><img loading=\"lazy\" decoding=\"async\" class=\"alignleft size-full wp-image-3161\" src=\"https:\/\/www.bolagsstiftarna.se\/wp-content\/uploads\/2018\/10\/BS.jpg\" alt=\"\" width=\"320\" height=\"240\" \/><\/p>\n<p>&nbsp;<\/p>\n<p>&nbsp;<\/p>\n<p>&nbsp;<\/p>\n<p>&nbsp;<\/p>\n<p>&nbsp;<\/p>\n<p>&nbsp;<\/p>\n<p>&nbsp;<\/p>\n<p>&nbsp;<\/p>\n<p>Vi har under f\u00f6rra veckan medverkat som utst\u00e4llare p\u00e5 m\u00e4ssan Ekonomi &amp; F\u00f6retag. Vi vill passa p\u00e5 att tacka m\u00e4ssan och SRF f\u00f6r tv\u00e5 fantastiska dagar.<\/p>\n<p>J\u00e4ttekul att s\u00e5 m\u00e5nga kom och h\u00e4lsade p\u00e5 i montern, b\u00e5de nya och gamla ansikte. Vi laddar redan f\u00f6r n\u00e4sta \u00e5r!<\/p>","protected":false},"excerpt":{"rendered":"<p>&nbsp; &nbsp; &nbsp; &nbsp; &nbsp; &nbsp; &nbsp; &nbsp; Vi har under f\u00f6rra veckan medverkat som utst\u00e4llare p\u00e5 m\u00e4ssan Ekonomi &amp; F\u00f6retag. Vi vill passa p\u00e5 att tacka m\u00e4ssan och [&hellip;]<\/p>\n","protected":false},"author":1,"featured_media":0,"comment_status":"open","ping_status":"open","sticky":false,"template":"","format":"standard","meta":{"_acf_changed":false,"inline_featured_image":false,"footnotes":""},"categories":[1],"tags":[],"class_list":["post-1011","post","type-post","status-publish","format-standard","hentry","category-uncategorized"],"acf":[],"yoast_head":"<!-- This site is optimized with the Yoast SEO plugin v27.3 - https:\/\/yoast.com\/product\/yoast-seo-wordpress\/ -->\n<title>Tack SRF och m\u00e4ssan Ekonomi &amp; F\u00f6retag! - Bolagsstiftarna<\/title>\n<meta name=\"robots\" content=\"index, follow, max-snippet:-1, max-image-preview:large, max-video-preview:-1\" \/>\n<link rel=\"canonical\" href=\"https:\/\/www.bolagsstiftarna.se\/en\/tack-srf-och-massan\/\" \/>\n<meta property=\"og:locale\" content=\"en_US\" \/>\n<meta property=\"og:type\" content=\"article\" \/>\n<meta property=\"og:title\" content=\"Tack SRF och m\u00e4ssan Ekonomi &amp; F\u00f6retag! - Bolagsstiftarna\" \/>\n<meta property=\"og:description\" content=\"&nbsp; &nbsp; &nbsp; &nbsp; &nbsp; &nbsp; &nbsp; &nbsp; Vi har under f\u00f6rra veckan medverkat som utst\u00e4llare p\u00e5 m\u00e4ssan Ekonomi &amp; F\u00f6retag. Vi vill passa p\u00e5 att tacka m\u00e4ssan och [&hellip;]\" \/>\n<meta property=\"og:url\" content=\"https:\/\/www.bolagsstiftarna.se\/en\/tack-srf-och-massan\/\" \/>\n<meta property=\"og:site_name\" content=\"Bolagsstiftarna\" \/>\n<meta property=\"article:published_time\" content=\"2018-10-02T07:35:07+00:00\" \/>\n<meta property=\"og:image\" content=\"https:\/\/www.bolagsstiftarna.se\/wp-content\/uploads\/2018\/09\/IMG_4970.jpg\" \/>\n<meta name=\"author\" content=\"admin\" \/>\n<meta name=\"twitter:card\" content=\"summary_large_image\" \/>\n<meta name=\"twitter:label1\" content=\"Written by\" \/>\n\t<meta name=\"twitter:data1\" content=\"admin\" \/>\n<script type=\"application\/ld+json\" class=\"yoast-schema-graph\">{\"@context\":\"https:\\\/\\\/schema.org\",\"@graph\":[{\"@type\":\"Article\",\"@id\":\"https:\\\/\\\/www.bolagsstiftarna.se\\\/tack-srf-och-massan\\\/#article\",\"isPartOf\":{\"@id\":\"https:\\\/\\\/www.bolagsstiftarna.se\\\/tack-srf-och-massan\\\/\"},\"author\":{\"name\":\"admin\",\"@id\":\"https:\\\/\\\/www.bolagsstiftarna.se\\\/#\\\/schema\\\/person\\\/e660c58a3b1775bae6b74f8535432e5d\"},\"headline\":\"Tack SRF och m\u00e4ssan Ekonomi &#038; F\u00f6retag!\",\"datePublished\":\"2018-10-02T07:35:07+00:00\",\"mainEntityOfPage\":{\"@id\":\"https:\\\/\\\/www.bolagsstiftarna.se\\\/tack-srf-och-massan\\\/\"},\"wordCount\":75,\"commentCount\":0,\"publisher\":{\"@id\":\"https:\\\/\\\/www.bolagsstiftarna.se\\\/#organization\"},\"image\":{\"@id\":\"https:\\\/\\\/www.bolagsstiftarna.se\\\/tack-srf-och-massan\\\/#primaryimage\"},\"thumbnailUrl\":\"https:\\\/\\\/www.bolagsstiftarna.se\\\/wp-content\\\/uploads\\\/2018\\\/09\\\/IMG_4970.jpg\",\"inLanguage\":\"en-US\"},{\"@type\":\"WebPage\",\"@id\":\"https:\\\/\\\/www.bolagsstiftarna.se\\\/tack-srf-och-massan\\\/\",\"url\":\"https:\\\/\\\/www.bolagsstiftarna.se\\\/tack-srf-och-massan\\\/\",\"name\":\"Tack SRF och m\u00e4ssan Ekonomi & F\u00f6retag! - Bolagsstiftarna\",\"isPartOf\":{\"@id\":\"https:\\\/\\\/www.bolagsstiftarna.se\\\/#website\"},\"primaryImageOfPage\":{\"@id\":\"https:\\\/\\\/www.bolagsstiftarna.se\\\/tack-srf-och-massan\\\/#primaryimage\"},\"image\":{\"@id\":\"https:\\\/\\\/www.bolagsstiftarna.se\\\/tack-srf-och-massan\\\/#primaryimage\"},\"thumbnailUrl\":\"https:\\\/\\\/www.bolagsstiftarna.se\\\/wp-content\\\/uploads\\\/2018\\\/09\\\/IMG_4970.jpg\",\"datePublished\":\"2018-10-02T07:35:07+00:00\",\"breadcrumb\":{\"@id\":\"https:\\\/\\\/www.bolagsstiftarna.se\\\/tack-srf-och-massan\\\/#breadcrumb\"},\"inLanguage\":\"en-US\",\"potentialAction\":[{\"@type\":\"ReadAction\",\"target\":[\"https:\\\/\\\/www.bolagsstiftarna.se\\\/tack-srf-och-massan\\\/\"]}]},{\"@type\":\"ImageObject\",\"inLanguage\":\"en-US\",\"@id\":\"https:\\\/\\\/www.bolagsstiftarna.se\\\/tack-srf-och-massan\\\/#primaryimage\",\"url\":\"https:\\\/\\\/www.bolagsstiftarna.se\\\/wp-content\\\/uploads\\\/2018\\\/09\\\/IMG_4970.jpg\",\"contentUrl\":\"https:\\\/\\\/www.bolagsstiftarna.se\\\/wp-content\\\/uploads\\\/2018\\\/09\\\/IMG_4970.jpg\"},{\"@type\":\"BreadcrumbList\",\"@id\":\"https:\\\/\\\/www.bolagsstiftarna.se\\\/tack-srf-och-massan\\\/#breadcrumb\",\"itemListElement\":[{\"@type\":\"ListItem\",\"position\":1,\"name\":\"Home\",\"item\":\"https:\\\/\\\/www.bolagsstiftarna.se\\\/\"},{\"@type\":\"ListItem\",\"position\":2,\"name\":\"Tack SRF och m\u00e4ssan Ekonomi &#038; F\u00f6retag!\"}]},{\"@type\":\"WebSite\",\"@id\":\"https:\\\/\\\/www.bolagsstiftarna.se\\\/#website\",\"url\":\"https:\\\/\\\/www.bolagsstiftarna.se\\\/\",\"name\":\"Bolagsstiftarna\",\"description\":\"Lagerbolag &amp; Snabbavveckling\",\"publisher\":{\"@id\":\"https:\\\/\\\/www.bolagsstiftarna.se\\\/#organization\"},\"potentialAction\":[{\"@type\":\"SearchAction\",\"target\":{\"@type\":\"EntryPoint\",\"urlTemplate\":\"https:\\\/\\\/www.bolagsstiftarna.se\\\/?s={search_term_string}\"},\"query-input\":{\"@type\":\"PropertyValueSpecification\",\"valueRequired\":true,\"valueName\":\"search_term_string\"}}],\"inLanguage\":\"en-US\"},{\"@type\":\"Organization\",\"@id\":\"https:\\\/\\\/www.bolagsstiftarna.se\\\/#organization\",\"name\":\"Bolagsstiftarna AB\",\"url\":\"https:\\\/\\\/www.bolagsstiftarna.se\\\/\",\"logo\":{\"@type\":\"ImageObject\",\"inLanguage\":\"en-US\",\"@id\":\"https:\\\/\\\/www.bolagsstiftarna.se\\\/#\\\/schema\\\/logo\\\/image\\\/\",\"url\":\"https:\\\/\\\/d1i97327w94vhu.cloudfront.net\\\/wp-content\\\/uploads\\\/2020\\\/06\\\/25092025\\\/bolagsstiftarna-logo-315.png\",\"contentUrl\":\"https:\\\/\\\/d1i97327w94vhu.cloudfront.net\\\/wp-content\\\/uploads\\\/2020\\\/06\\\/25092025\\\/bolagsstiftarna-logo-315.png\",\"width\":315,\"height\":46,\"caption\":\"Bolagsstiftarna AB\"},\"image\":{\"@id\":\"https:\\\/\\\/www.bolagsstiftarna.se\\\/#\\\/schema\\\/logo\\\/image\\\/\"},\"sameAs\":[\"https:\\\/\\\/www.instagram.com\\\/bolagsstiftarna\\\/\",\"https:\\\/\\\/www.linkedin.com\\\/company\\\/bolagsstiftarna-ab?trk=tyah&amp;amp;trkInfo=tarId:1408967681730,tas:bolagsstif,idx:1-1-1\"]},{\"@type\":\"Person\",\"@id\":\"https:\\\/\\\/www.bolagsstiftarna.se\\\/#\\\/schema\\\/person\\\/e660c58a3b1775bae6b74f8535432e5d\",\"name\":\"admin\",\"image\":{\"@type\":\"ImageObject\",\"inLanguage\":\"en-US\",\"@id\":\"https:\\\/\\\/secure.gravatar.com\\\/avatar\\\/5826744a41ab1abce019b9b45351f474e6f6acad8793cac7825498ec0feb9a81?s=96&d=mm&r=g\",\"url\":\"https:\\\/\\\/secure.gravatar.com\\\/avatar\\\/5826744a41ab1abce019b9b45351f474e6f6acad8793cac7825498ec0feb9a81?s=96&d=mm&r=g\",\"contentUrl\":\"https:\\\/\\\/secure.gravatar.com\\\/avatar\\\/5826744a41ab1abce019b9b45351f474e6f6acad8793cac7825498ec0feb9a81?s=96&d=mm&r=g\",\"caption\":\"admin\"},\"sameAs\":[\"http:\\\/\\\/www.bs.lk\"]}]}<\/script>\n<!-- \/ Yoast SEO plugin. -->","yoast_head_json":{"title":"Tack SRF och m\u00e4ssan Ekonomi & F\u00f6retag! - Bolagsstiftarna","robots":{"index":"index","follow":"follow","max-snippet":"max-snippet:-1","max-image-preview":"max-image-preview:large","max-video-preview":"max-video-preview:-1"},"canonical":"https:\/\/www.bolagsstiftarna.se\/en\/tack-srf-och-massan\/","og_locale":"en_US","og_type":"article","og_title":"Tack SRF och m\u00e4ssan Ekonomi & F\u00f6retag! - Bolagsstiftarna","og_description":"&nbsp; &nbsp; &nbsp; &nbsp; &nbsp; &nbsp; &nbsp; &nbsp; Vi har under f\u00f6rra veckan medverkat som utst\u00e4llare p\u00e5 m\u00e4ssan Ekonomi &amp; F\u00f6retag. Vi vill passa p\u00e5 att tacka m\u00e4ssan och [&hellip;]","og_url":"https:\/\/www.bolagsstiftarna.se\/en\/tack-srf-och-massan\/","og_site_name":"Bolagsstiftarna","article_published_time":"2018-10-02T07:35:07+00:00","og_image":[{"url":"https:\/\/www.bolagsstiftarna.se\/wp-content\/uploads\/2018\/09\/IMG_4970.jpg","type":"","width":"","height":""}],"author":"admin","twitter_card":"summary_large_image","twitter_misc":{"Written by":"admin"},"schema":{"@context":"https:\/\/schema.org","@graph":[{"@type":"Article","@id":"https:\/\/www.bolagsstiftarna.se\/tack-srf-och-massan\/#article","isPartOf":{"@id":"https:\/\/www.bolagsstiftarna.se\/tack-srf-och-massan\/"},"author":{"name":"admin","@id":"https:\/\/www.bolagsstiftarna.se\/#\/schema\/person\/e660c58a3b1775bae6b74f8535432e5d"},"headline":"Tack SRF och m\u00e4ssan Ekonomi &#038; F\u00f6retag!","datePublished":"2018-10-02T07:35:07+00:00","mainEntityOfPage":{"@id":"https:\/\/www.bolagsstiftarna.se\/tack-srf-och-massan\/"},"wordCount":75,"commentCount":0,"publisher":{"@id":"https:\/\/www.bolagsstiftarna.se\/#organization"},"image":{"@id":"https:\/\/www.bolagsstiftarna.se\/tack-srf-och-massan\/#primaryimage"},"thumbnailUrl":"https:\/\/www.bolagsstiftarna.se\/wp-content\/uploads\/2018\/09\/IMG_4970.jpg","inLanguage":"en-US"},{"@type":"WebPage","@id":"https:\/\/www.bolagsstiftarna.se\/tack-srf-och-massan\/","url":"https:\/\/www.bolagsstiftarna.se\/tack-srf-och-massan\/","name":"Tack SRF och m\u00e4ssan Ekonomi & F\u00f6retag! - Bolagsstiftarna","isPartOf":{"@id":"https:\/\/www.bolagsstiftarna.se\/#website"},"primaryImageOfPage":{"@id":"https:\/\/www.bolagsstiftarna.se\/tack-srf-och-massan\/#primaryimage"},"image":{"@id":"https:\/\/www.bolagsstiftarna.se\/tack-srf-och-massan\/#primaryimage"},"thumbnailUrl":"https:\/\/www.bolagsstiftarna.se\/wp-content\/uploads\/2018\/09\/IMG_4970.jpg","datePublished":"2018-10-02T07:35:07+00:00","breadcrumb":{"@id":"https:\/\/www.bolagsstiftarna.se\/tack-srf-och-massan\/#breadcrumb"},"inLanguage":"en-US","potentialAction":[{"@type":"ReadAction","target":["https:\/\/www.bolagsstiftarna.se\/tack-srf-och-massan\/"]}]},{"@type":"ImageObject","inLanguage":"en-US","@id":"https:\/\/www.bolagsstiftarna.se\/tack-srf-och-massan\/#primaryimage","url":"https:\/\/www.bolagsstiftarna.se\/wp-content\/uploads\/2018\/09\/IMG_4970.jpg","contentUrl":"https:\/\/www.bolagsstiftarna.se\/wp-content\/uploads\/2018\/09\/IMG_4970.jpg"},{"@type":"BreadcrumbList","@id":"https:\/\/www.bolagsstiftarna.se\/tack-srf-och-massan\/#breadcrumb","itemListElement":[{"@type":"ListItem","position":1,"name":"Home","item":"https:\/\/www.bolagsstiftarna.se\/"},{"@type":"ListItem","position":2,"name":"Tack SRF och m\u00e4ssan Ekonomi &#038; F\u00f6retag!"}]},{"@type":"WebSite","@id":"https:\/\/www.bolagsstiftarna.se\/#website","url":"https:\/\/www.bolagsstiftarna.se\/","name":"Bolagsstiftarna","description":"Lagerbolag &amp; Snabbavveckling","publisher":{"@id":"https:\/\/www.bolagsstiftarna.se\/#organization"},"potentialAction":[{"@type":"SearchAction","target":{"@type":"EntryPoint","urlTemplate":"https:\/\/www.bolagsstiftarna.se\/?s={search_term_string}"},"query-input":{"@type":"PropertyValueSpecification","valueRequired":true,"valueName":"search_term_string"}}],"inLanguage":"en-US"},{"@type":"Organization","@id":"https:\/\/www.bolagsstiftarna.se\/#organization","name":"Bolagsstiftarna AB","url":"https:\/\/www.bolagsstiftarna.se\/","logo":{"@type":"ImageObject","inLanguage":"en-US","@id":"https:\/\/www.bolagsstiftarna.se\/#\/schema\/logo\/image\/","url":"https:\/\/d1i97327w94vhu.cloudfront.net\/wp-content\/uploads\/2020\/06\/25092025\/bolagsstiftarna-logo-315.png","contentUrl":"https:\/\/d1i97327w94vhu.cloudfront.net\/wp-content\/uploads\/2020\/06\/25092025\/bolagsstiftarna-logo-315.png","width":315,"height":46,"caption":"Bolagsstiftarna AB"},"image":{"@id":"https:\/\/www.bolagsstiftarna.se\/#\/schema\/logo\/image\/"},"sameAs":["https:\/\/www.instagram.com\/bolagsstiftarna\/","https:\/\/www.linkedin.com\/company\/bolagsstiftarna-ab?trk=tyah&amp;amp;trkInfo=tarId:1408967681730,tas:bolagsstif,idx:1-1-1"]},{"@type":"Person","@id":"https:\/\/www.bolagsstiftarna.se\/#\/schema\/person\/e660c58a3b1775bae6b74f8535432e5d","name":"admin","image":{"@type":"ImageObject","inLanguage":"en-US","@id":"https:\/\/secure.gravatar.com\/avatar\/5826744a41ab1abce019b9b45351f474e6f6acad8793cac7825498ec0feb9a81?s=96&d=mm&r=g","url":"https:\/\/secure.gravatar.com\/avatar\/5826744a41ab1abce019b9b45351f474e6f6acad8793cac7825498ec0feb9a81?s=96&d=mm&r=g","contentUrl":"https:\/\/secure.gravatar.com\/avatar\/5826744a41ab1abce019b9b45351f474e6f6acad8793cac7825498ec0feb9a81?s=96&d=mm&r=g","caption":"admin"},"sameAs":["http:\/\/www.bs.lk"]}]}},"_links":{"self":[{"href":"https:\/\/www.bolagsstiftarna.se\/en\/wp-json\/wp\/v2\/posts\/1011","targetHints":{"allow":["GET"]}}],"collection":[{"href":"https:\/\/www.bolagsstiftarna.se\/en\/wp-json\/wp\/v2\/posts"}],"about":[{"href":"https:\/\/www.bolagsstiftarna.se\/en\/wp-json\/wp\/v2\/types\/post"}],"author":[{"embeddable":true,"href":"https:\/\/www.bolagsstiftarna.se\/en\/wp-json\/wp\/v2\/users\/1"}],"replies":[{"embeddable":true,"href":"https:\/\/www.bolagsstiftarna.se\/en\/wp-json\/wp\/v2\/comments?post=1011"}],"version-history":[{"count":0,"href":"https:\/\/www.bolagsstiftarna.se\/en\/wp-json\/wp\/v2\/posts\/1011\/revisions"}],"wp:attachment":[{"href":"https:\/\/www.bolagsstiftarna.se\/en\/wp-json\/wp\/v2\/media?parent=1011"}],"wp:term":[{"taxonomy":"category","embeddable":true,"href":"https:\/\/www.bolagsstiftarna.se\/en\/wp-json\/wp\/v2\/categories?post=1011"},{"taxonomy":"post_tag","embeddable":true,"href":"https:\/\/www.bolagsstiftarna.se\/en\/wp-json\/wp\/v2\/tags?post=1011"}],"curies":[{"name":"wp","href":"https:\/\/api.w.org\/{rel}","templated":true}]}}