{"id":2064,"date":"2024-02-21T09:07:30","date_gmt":"2024-02-21T09:07:30","guid":{"rendered":"https:\/\/www.bolagsstiftarna.se\/?p=2064"},"modified":"2024-02-21T09:07:30","modified_gmt":"2024-02-21T09:07:30","slug":"foretagsvan-cancerfonden-2024","status":"publish","type":"post","link":"https:\/\/www.bolagsstiftarna.se\/en\/foretagsvan-cancerfonden-2024\/","title":{"rendered":"F\u00f6retagsv\u00e4n cancerfonden 2024"},"content":{"rendered":"<p>Bolagsstiftarna \u00e4r f\u00f6retagsv\u00e4n till cancerfonden 2024.<\/p>\n\n\n\n<p>\u201dVarje \u00e5r f\u00e5r fler \u00e4n 65 000 personer i Sverige ta emot ett cancerbesked, ett besked som f\u00f6r\u00e4ndrar livet f\u00f6r b\u00e5de den drabbade och f\u00f6r familj, v\u00e4nner och kollegor. <\/p>\n\n\n\n<p>Alla drabbas av cancer, p\u00e5 ett eller annat s\u00e4tt. Men tack vare det livsviktiga st\u00f6det fr\u00e5n f\u00f6retag och privatpersoner kan Cancerfonden forts\u00e4tta finansiera Sveriges fr\u00e4msta cancerforskning \u2013 forskning som bidrar till att allt fler \u00f6verlever cancer.\u201d<a href=\"https:\/\/www.bolagsstiftarna.se\/en\/foretagsvan-cancerfonden-2022\/\"><\/a><\/p>\n\n\n\n<figure class=\"wp-block-gallery has-nested-images columns-default is-cropped wp-block-gallery-1 is-layout-flex wp-block-gallery-is-layout-flex\">\n<figure class=\"wp-block-image size-large\"><img loading=\"lazy\" decoding=\"async\" width=\"1024\" height=\"465\" data-id=\"2065\" src=\"https:\/\/d1i97327w94vhu.cloudfront.net\/wp-content\/uploads\/2024\/02\/21090651\/FV24_Banner_1320x600px-1024x465.jpg\" alt=\"\" class=\"wp-image-2065\" srcset=\"https:\/\/d1i97327w94vhu.cloudfront.net\/wp-content\/uploads\/2024\/02\/21090651\/FV24_Banner_1320x600px-1024x465.jpg 1024w, https:\/\/d1i97327w94vhu.cloudfront.net\/wp-content\/uploads\/2024\/02\/21090651\/FV24_Banner_1320x600px-300x136.jpg 300w, https:\/\/d1i97327w94vhu.cloudfront.net\/wp-content\/uploads\/2024\/02\/21090651\/FV24_Banner_1320x600px-768x349.jpg 768w, https:\/\/d1i97327w94vhu.cloudfront.net\/wp-content\/uploads\/2024\/02\/21090651\/FV24_Banner_1320x600px-18x8.jpg 18w, https:\/\/d1i97327w94vhu.cloudfront.net\/wp-content\/uploads\/2024\/02\/21090651\/FV24_Banner_1320x600px-767x349.jpg 767w, https:\/\/d1i97327w94vhu.cloudfront.net\/wp-content\/uploads\/2024\/02\/21090651\/FV24_Banner_1320x600px.jpg 1320w\" sizes=\"auto, (max-width: 1024px) 100vw, 1024px\" \/><figcaption class=\"wp-element-caption\">Material F\u00f6retagsv\u00e4n 2024<\/figcaption><\/figure>\n<\/figure>","protected":false},"excerpt":{"rendered":"<p>Bolagsstiftarna \u00e4r f\u00f6retagsv\u00e4n till cancerfonden 2024. \u201dVarje \u00e5r f\u00e5r fler \u00e4n 65 000 personer i Sverige ta emot ett cancerbesked, ett besked som f\u00f6r\u00e4ndrar livet f\u00f6r b\u00e5de den drabbade [&hellip;]<\/p>\n","protected":false},"author":1,"featured_media":0,"comment_status":"closed","ping_status":"closed","sticky":false,"template":"","format":"standard","meta":{"_acf_changed":false,"inline_featured_image":false,"footnotes":""},"categories":[6],"tags":[],"class_list":["post-2064","post","type-post","status-publish","format-standard","hentry","category-bolagsstiftarna"],"acf":[],"yoast_head":"<!-- This site is optimized with the Yoast SEO plugin v27.3 - https:\/\/yoast.com\/product\/yoast-seo-wordpress\/ -->\n<title>F\u00f6retagsv\u00e4n cancerfonden 2024 - Bolagsstiftarna<\/title>\n<meta name=\"robots\" content=\"index, follow, max-snippet:-1, max-image-preview:large, max-video-preview:-1\" \/>\n<link rel=\"canonical\" href=\"https:\/\/www.bolagsstiftarna.se\/en\/foretagsvan-cancerfonden-2024\/\" \/>\n<meta property=\"og:locale\" content=\"en_US\" \/>\n<meta property=\"og:type\" content=\"article\" \/>\n<meta property=\"og:title\" content=\"F\u00f6retagsv\u00e4n cancerfonden 2024 - Bolagsstiftarna\" \/>\n<meta property=\"og:description\" content=\"Bolagsstiftarna \u00e4r f\u00f6retagsv\u00e4n till cancerfonden 2024. \u201dVarje \u00e5r f\u00e5r fler \u00e4n 65 000 personer i Sverige ta emot ett cancerbesked, ett besked som f\u00f6r\u00e4ndrar livet f\u00f6r b\u00e5de den drabbade [&hellip;]\" \/>\n<meta property=\"og:url\" content=\"https:\/\/www.bolagsstiftarna.se\/en\/foretagsvan-cancerfonden-2024\/\" \/>\n<meta property=\"og:site_name\" content=\"Bolagsstiftarna\" \/>\n<meta property=\"article:published_time\" content=\"2024-02-21T09:07:30+00:00\" \/>\n<meta property=\"og:image\" content=\"https:\/\/www.bolagsstiftarna.se\/wp-content\/uploads\/2024\/02\/FV24_Banner_1320x600px-1024x465.jpg\" \/>\n<meta name=\"author\" content=\"admin\" \/>\n<meta name=\"twitter:card\" content=\"summary_large_image\" \/>\n<meta name=\"twitter:label1\" content=\"Written by\" \/>\n\t<meta name=\"twitter:data1\" content=\"admin\" \/>\n\t<meta name=\"twitter:label2\" content=\"Est. reading time\" \/>\n\t<meta name=\"twitter:data2\" content=\"1 minute\" \/>\n<script type=\"application\/ld+json\" class=\"yoast-schema-graph\">{\"@context\":\"https:\\\/\\\/schema.org\",\"@graph\":[{\"@type\":\"Article\",\"@id\":\"https:\\\/\\\/www.bolagsstiftarna.se\\\/foretagsvan-cancerfonden-2024\\\/#article\",\"isPartOf\":{\"@id\":\"https:\\\/\\\/www.bolagsstiftarna.se\\\/foretagsvan-cancerfonden-2024\\\/\"},\"author\":{\"name\":\"admin\",\"@id\":\"https:\\\/\\\/www.bolagsstiftarna.se\\\/#\\\/schema\\\/person\\\/e660c58a3b1775bae6b74f8535432e5d\"},\"headline\":\"F\u00f6retagsv\u00e4n cancerfonden 2024\",\"datePublished\":\"2024-02-21T09:07:30+00:00\",\"mainEntityOfPage\":{\"@id\":\"https:\\\/\\\/www.bolagsstiftarna.se\\\/foretagsvan-cancerfonden-2024\\\/\"},\"wordCount\":90,\"publisher\":{\"@id\":\"https:\\\/\\\/www.bolagsstiftarna.se\\\/#organization\"},\"image\":{\"@id\":\"https:\\\/\\\/www.bolagsstiftarna.se\\\/foretagsvan-cancerfonden-2024\\\/#primaryimage\"},\"thumbnailUrl\":\"https:\\\/\\\/www.bolagsstiftarna.se\\\/wp-content\\\/uploads\\\/2024\\\/02\\\/FV24_Banner_1320x600px-1024x465.jpg\",\"articleSection\":[\"Bolagsstiftarna\"],\"inLanguage\":\"en-US\"},{\"@type\":\"WebPage\",\"@id\":\"https:\\\/\\\/www.bolagsstiftarna.se\\\/foretagsvan-cancerfonden-2024\\\/\",\"url\":\"https:\\\/\\\/www.bolagsstiftarna.se\\\/foretagsvan-cancerfonden-2024\\\/\",\"name\":\"F\u00f6retagsv\u00e4n cancerfonden 2024 - Bolagsstiftarna\",\"isPartOf\":{\"@id\":\"https:\\\/\\\/www.bolagsstiftarna.se\\\/#website\"},\"primaryImageOfPage\":{\"@id\":\"https:\\\/\\\/www.bolagsstiftarna.se\\\/foretagsvan-cancerfonden-2024\\\/#primaryimage\"},\"image\":{\"@id\":\"https:\\\/\\\/www.bolagsstiftarna.se\\\/foretagsvan-cancerfonden-2024\\\/#primaryimage\"},\"thumbnailUrl\":\"https:\\\/\\\/www.bolagsstiftarna.se\\\/wp-content\\\/uploads\\\/2024\\\/02\\\/FV24_Banner_1320x600px-1024x465.jpg\",\"datePublished\":\"2024-02-21T09:07:30+00:00\",\"breadcrumb\":{\"@id\":\"https:\\\/\\\/www.bolagsstiftarna.se\\\/foretagsvan-cancerfonden-2024\\\/#breadcrumb\"},\"inLanguage\":\"en-US\",\"potentialAction\":[{\"@type\":\"ReadAction\",\"target\":[\"https:\\\/\\\/www.bolagsstiftarna.se\\\/foretagsvan-cancerfonden-2024\\\/\"]}]},{\"@type\":\"ImageObject\",\"inLanguage\":\"en-US\",\"@id\":\"https:\\\/\\\/www.bolagsstiftarna.se\\\/foretagsvan-cancerfonden-2024\\\/#primaryimage\",\"url\":\"https:\\\/\\\/www.bolagsstiftarna.se\\\/wp-content\\\/uploads\\\/2024\\\/02\\\/FV24_Banner_1320x600px-1024x465.jpg\",\"contentUrl\":\"https:\\\/\\\/www.bolagsstiftarna.se\\\/wp-content\\\/uploads\\\/2024\\\/02\\\/FV24_Banner_1320x600px-1024x465.jpg\"},{\"@type\":\"BreadcrumbList\",\"@id\":\"https:\\\/\\\/www.bolagsstiftarna.se\\\/foretagsvan-cancerfonden-2024\\\/#breadcrumb\",\"itemListElement\":[{\"@type\":\"ListItem\",\"position\":1,\"name\":\"Home\",\"item\":\"https:\\\/\\\/www.bolagsstiftarna.se\\\/\"},{\"@type\":\"ListItem\",\"position\":2,\"name\":\"F\u00f6retagsv\u00e4n cancerfonden 2024\"}]},{\"@type\":\"WebSite\",\"@id\":\"https:\\\/\\\/www.bolagsstiftarna.se\\\/#website\",\"url\":\"https:\\\/\\\/www.bolagsstiftarna.se\\\/\",\"name\":\"Bolagsstiftarna\",\"description\":\"Lagerbolag &amp; Snabbavveckling\",\"publisher\":{\"@id\":\"https:\\\/\\\/www.bolagsstiftarna.se\\\/#organization\"},\"potentialAction\":[{\"@type\":\"SearchAction\",\"target\":{\"@type\":\"EntryPoint\",\"urlTemplate\":\"https:\\\/\\\/www.bolagsstiftarna.se\\\/?s={search_term_string}\"},\"query-input\":{\"@type\":\"PropertyValueSpecification\",\"valueRequired\":true,\"valueName\":\"search_term_string\"}}],\"inLanguage\":\"en-US\"},{\"@type\":\"Organization\",\"@id\":\"https:\\\/\\\/www.bolagsstiftarna.se\\\/#organization\",\"name\":\"Bolagsstiftarna AB\",\"url\":\"https:\\\/\\\/www.bolagsstiftarna.se\\\/\",\"logo\":{\"@type\":\"ImageObject\",\"inLanguage\":\"en-US\",\"@id\":\"https:\\\/\\\/www.bolagsstiftarna.se\\\/#\\\/schema\\\/logo\\\/image\\\/\",\"url\":\"https:\\\/\\\/d1i97327w94vhu.cloudfront.net\\\/wp-content\\\/uploads\\\/2020\\\/06\\\/25092025\\\/bolagsstiftarna-logo-315.png\",\"contentUrl\":\"https:\\\/\\\/d1i97327w94vhu.cloudfront.net\\\/wp-content\\\/uploads\\\/2020\\\/06\\\/25092025\\\/bolagsstiftarna-logo-315.png\",\"width\":315,\"height\":46,\"caption\":\"Bolagsstiftarna AB\"},\"image\":{\"@id\":\"https:\\\/\\\/www.bolagsstiftarna.se\\\/#\\\/schema\\\/logo\\\/image\\\/\"},\"sameAs\":[\"https:\\\/\\\/www.instagram.com\\\/bolagsstiftarna\\\/\",\"https:\\\/\\\/www.linkedin.com\\\/company\\\/bolagsstiftarna-ab?trk=tyah&amp;amp;trkInfo=tarId:1408967681730,tas:bolagsstif,idx:1-1-1\"]},{\"@type\":\"Person\",\"@id\":\"https:\\\/\\\/www.bolagsstiftarna.se\\\/#\\\/schema\\\/person\\\/e660c58a3b1775bae6b74f8535432e5d\",\"name\":\"admin\",\"image\":{\"@type\":\"ImageObject\",\"inLanguage\":\"en-US\",\"@id\":\"https:\\\/\\\/secure.gravatar.com\\\/avatar\\\/5826744a41ab1abce019b9b45351f474e6f6acad8793cac7825498ec0feb9a81?s=96&d=mm&r=g\",\"url\":\"https:\\\/\\\/secure.gravatar.com\\\/avatar\\\/5826744a41ab1abce019b9b45351f474e6f6acad8793cac7825498ec0feb9a81?s=96&d=mm&r=g\",\"contentUrl\":\"https:\\\/\\\/secure.gravatar.com\\\/avatar\\\/5826744a41ab1abce019b9b45351f474e6f6acad8793cac7825498ec0feb9a81?s=96&d=mm&r=g\",\"caption\":\"admin\"},\"sameAs\":[\"http:\\\/\\\/www.bs.lk\"]}]}<\/script>\n<!-- \/ Yoast SEO plugin. -->","yoast_head_json":{"title":"F\u00f6retagsv\u00e4n cancerfonden 2024 - Bolagsstiftarna","robots":{"index":"index","follow":"follow","max-snippet":"max-snippet:-1","max-image-preview":"max-image-preview:large","max-video-preview":"max-video-preview:-1"},"canonical":"https:\/\/www.bolagsstiftarna.se\/en\/foretagsvan-cancerfonden-2024\/","og_locale":"en_US","og_type":"article","og_title":"F\u00f6retagsv\u00e4n cancerfonden 2024 - Bolagsstiftarna","og_description":"Bolagsstiftarna \u00e4r f\u00f6retagsv\u00e4n till cancerfonden 2024. \u201dVarje \u00e5r f\u00e5r fler \u00e4n 65 000 personer i Sverige ta emot ett cancerbesked, ett besked som f\u00f6r\u00e4ndrar livet f\u00f6r b\u00e5de den drabbade [&hellip;]","og_url":"https:\/\/www.bolagsstiftarna.se\/en\/foretagsvan-cancerfonden-2024\/","og_site_name":"Bolagsstiftarna","article_published_time":"2024-02-21T09:07:30+00:00","og_image":[{"url":"https:\/\/www.bolagsstiftarna.se\/wp-content\/uploads\/2024\/02\/FV24_Banner_1320x600px-1024x465.jpg","type":"","width":"","height":""}],"author":"admin","twitter_card":"summary_large_image","twitter_misc":{"Written by":"admin","Est. reading time":"1 minute"},"schema":{"@context":"https:\/\/schema.org","@graph":[{"@type":"Article","@id":"https:\/\/www.bolagsstiftarna.se\/foretagsvan-cancerfonden-2024\/#article","isPartOf":{"@id":"https:\/\/www.bolagsstiftarna.se\/foretagsvan-cancerfonden-2024\/"},"author":{"name":"admin","@id":"https:\/\/www.bolagsstiftarna.se\/#\/schema\/person\/e660c58a3b1775bae6b74f8535432e5d"},"headline":"F\u00f6retagsv\u00e4n cancerfonden 2024","datePublished":"2024-02-21T09:07:30+00:00","mainEntityOfPage":{"@id":"https:\/\/www.bolagsstiftarna.se\/foretagsvan-cancerfonden-2024\/"},"wordCount":90,"publisher":{"@id":"https:\/\/www.bolagsstiftarna.se\/#organization"},"image":{"@id":"https:\/\/www.bolagsstiftarna.se\/foretagsvan-cancerfonden-2024\/#primaryimage"},"thumbnailUrl":"https:\/\/www.bolagsstiftarna.se\/wp-content\/uploads\/2024\/02\/FV24_Banner_1320x600px-1024x465.jpg","articleSection":["Bolagsstiftarna"],"inLanguage":"en-US"},{"@type":"WebPage","@id":"https:\/\/www.bolagsstiftarna.se\/foretagsvan-cancerfonden-2024\/","url":"https:\/\/www.bolagsstiftarna.se\/foretagsvan-cancerfonden-2024\/","name":"F\u00f6retagsv\u00e4n cancerfonden 2024 - Bolagsstiftarna","isPartOf":{"@id":"https:\/\/www.bolagsstiftarna.se\/#website"},"primaryImageOfPage":{"@id":"https:\/\/www.bolagsstiftarna.se\/foretagsvan-cancerfonden-2024\/#primaryimage"},"image":{"@id":"https:\/\/www.bolagsstiftarna.se\/foretagsvan-cancerfonden-2024\/#primaryimage"},"thumbnailUrl":"https:\/\/www.bolagsstiftarna.se\/wp-content\/uploads\/2024\/02\/FV24_Banner_1320x600px-1024x465.jpg","datePublished":"2024-02-21T09:07:30+00:00","breadcrumb":{"@id":"https:\/\/www.bolagsstiftarna.se\/foretagsvan-cancerfonden-2024\/#breadcrumb"},"inLanguage":"en-US","potentialAction":[{"@type":"ReadAction","target":["https:\/\/www.bolagsstiftarna.se\/foretagsvan-cancerfonden-2024\/"]}]},{"@type":"ImageObject","inLanguage":"en-US","@id":"https:\/\/www.bolagsstiftarna.se\/foretagsvan-cancerfonden-2024\/#primaryimage","url":"https:\/\/www.bolagsstiftarna.se\/wp-content\/uploads\/2024\/02\/FV24_Banner_1320x600px-1024x465.jpg","contentUrl":"https:\/\/www.bolagsstiftarna.se\/wp-content\/uploads\/2024\/02\/FV24_Banner_1320x600px-1024x465.jpg"},{"@type":"BreadcrumbList","@id":"https:\/\/www.bolagsstiftarna.se\/foretagsvan-cancerfonden-2024\/#breadcrumb","itemListElement":[{"@type":"ListItem","position":1,"name":"Home","item":"https:\/\/www.bolagsstiftarna.se\/"},{"@type":"ListItem","position":2,"name":"F\u00f6retagsv\u00e4n cancerfonden 2024"}]},{"@type":"WebSite","@id":"https:\/\/www.bolagsstiftarna.se\/#website","url":"https:\/\/www.bolagsstiftarna.se\/","name":"Bolagsstiftarna","description":"Lagerbolag &amp; Snabbavveckling","publisher":{"@id":"https:\/\/www.bolagsstiftarna.se\/#organization"},"potentialAction":[{"@type":"SearchAction","target":{"@type":"EntryPoint","urlTemplate":"https:\/\/www.bolagsstiftarna.se\/?s={search_term_string}"},"query-input":{"@type":"PropertyValueSpecification","valueRequired":true,"valueName":"search_term_string"}}],"inLanguage":"en-US"},{"@type":"Organization","@id":"https:\/\/www.bolagsstiftarna.se\/#organization","name":"Bolagsstiftarna AB","url":"https:\/\/www.bolagsstiftarna.se\/","logo":{"@type":"ImageObject","inLanguage":"en-US","@id":"https:\/\/www.bolagsstiftarna.se\/#\/schema\/logo\/image\/","url":"https:\/\/d1i97327w94vhu.cloudfront.net\/wp-content\/uploads\/2020\/06\/25092025\/bolagsstiftarna-logo-315.png","contentUrl":"https:\/\/d1i97327w94vhu.cloudfront.net\/wp-content\/uploads\/2020\/06\/25092025\/bolagsstiftarna-logo-315.png","width":315,"height":46,"caption":"Bolagsstiftarna AB"},"image":{"@id":"https:\/\/www.bolagsstiftarna.se\/#\/schema\/logo\/image\/"},"sameAs":["https:\/\/www.instagram.com\/bolagsstiftarna\/","https:\/\/www.linkedin.com\/company\/bolagsstiftarna-ab?trk=tyah&amp;amp;trkInfo=tarId:1408967681730,tas:bolagsstif,idx:1-1-1"]},{"@type":"Person","@id":"https:\/\/www.bolagsstiftarna.se\/#\/schema\/person\/e660c58a3b1775bae6b74f8535432e5d","name":"admin","image":{"@type":"ImageObject","inLanguage":"en-US","@id":"https:\/\/secure.gravatar.com\/avatar\/5826744a41ab1abce019b9b45351f474e6f6acad8793cac7825498ec0feb9a81?s=96&d=mm&r=g","url":"https:\/\/secure.gravatar.com\/avatar\/5826744a41ab1abce019b9b45351f474e6f6acad8793cac7825498ec0feb9a81?s=96&d=mm&r=g","contentUrl":"https:\/\/secure.gravatar.com\/avatar\/5826744a41ab1abce019b9b45351f474e6f6acad8793cac7825498ec0feb9a81?s=96&d=mm&r=g","caption":"admin"},"sameAs":["http:\/\/www.bs.lk"]}]}},"_links":{"self":[{"href":"https:\/\/www.bolagsstiftarna.se\/en\/wp-json\/wp\/v2\/posts\/2064","targetHints":{"allow":["GET"]}}],"collection":[{"href":"https:\/\/www.bolagsstiftarna.se\/en\/wp-json\/wp\/v2\/posts"}],"about":[{"href":"https:\/\/www.bolagsstiftarna.se\/en\/wp-json\/wp\/v2\/types\/post"}],"author":[{"embeddable":true,"href":"https:\/\/www.bolagsstiftarna.se\/en\/wp-json\/wp\/v2\/users\/1"}],"replies":[{"embeddable":true,"href":"https:\/\/www.bolagsstiftarna.se\/en\/wp-json\/wp\/v2\/comments?post=2064"}],"version-history":[{"count":1,"href":"https:\/\/www.bolagsstiftarna.se\/en\/wp-json\/wp\/v2\/posts\/2064\/revisions"}],"predecessor-version":[{"id":2066,"href":"https:\/\/www.bolagsstiftarna.se\/en\/wp-json\/wp\/v2\/posts\/2064\/revisions\/2066"}],"wp:attachment":[{"href":"https:\/\/www.bolagsstiftarna.se\/en\/wp-json\/wp\/v2\/media?parent=2064"}],"wp:term":[{"taxonomy":"category","embeddable":true,"href":"https:\/\/www.bolagsstiftarna.se\/en\/wp-json\/wp\/v2\/categories?post=2064"},{"taxonomy":"post_tag","embeddable":true,"href":"https:\/\/www.bolagsstiftarna.se\/en\/wp-json\/wp\/v2\/tags?post=2064"}],"curies":[{"name":"wp","href":"https:\/\/api.w.org\/{rel}","templated":true}]}}