{"id":2136,"date":"2024-09-12T11:48:45","date_gmt":"2024-09-12T11:48:45","guid":{"rendered":"https:\/\/www.bolagsstiftarna.se\/?p=2136"},"modified":"2024-09-12T11:49:17","modified_gmt":"2024-09-12T11:49:17","slug":"traffa-oss-pa-massan-ekonomi-foretag-4","status":"publish","type":"post","link":"https:\/\/www.bolagsstiftarna.se\/en\/traffa-oss-pa-massan-ekonomi-foretag-4\/","title":{"rendered":"Tr\u00e4ffa oss p\u00e5 m\u00e4ssan Ekonomi &amp; f\u00f6retag!"},"content":{"rendered":"<p>I h\u00f6st kommer vi bland annat finnas p\u00e5 plats p\u00e5 m\u00e4ssan Ekonomi &amp; F\u00f6retag p\u00e5 Kistam\u00e4ssan 25 \u2013 26 september. Ni hittar oss i monter E:15, kom g\u00e4rna och s\u00e4g hej om ni har v\u00e4garna f\u00f6rbi!<\/p>\n\n\n\n<p>Ekonomi &amp; F\u00f6retag \u00e4r arenan d\u00e4r ekonomer och f\u00f6retagare m\u00f6ts f\u00f6r att lyssna p\u00e5 h\u00f6gklassiga f\u00f6rel\u00e4sningar, hittar sitt nya aff\u00e4rspartners och ut\u00f6kar sitt n\u00e4tverk. Kom och ta del av nyheter, h\u00e4mta ny kunskap och bli inspirerad p\u00e5 Sveriges st\u00f6rsta m\u00f6tesplats f\u00f6r ekonomer och f\u00f6retagare!<\/p>\n\n\n\n<p>Kontakta oss g\u00e4rna p\u00e5 info@bolagsstiftarna.se om ni vill veta mer!<\/p>","protected":false},"excerpt":{"rendered":"<p>I h\u00f6st kommer vi bland annat finnas p\u00e5 plats p\u00e5 m\u00e4ssan Ekonomi &amp; F\u00f6retag p\u00e5 Kistam\u00e4ssan 25 \u2013 26 september. Ni hittar oss i monter E:15, kom g\u00e4rna och [&hellip;]<\/p>\n","protected":false},"author":1,"featured_media":0,"comment_status":"closed","ping_status":"closed","sticky":false,"template":"","format":"standard","meta":{"_acf_changed":false,"inline_featured_image":false,"footnotes":""},"categories":[6],"tags":[],"class_list":["post-2136","post","type-post","status-publish","format-standard","hentry","category-bolagsstiftarna"],"acf":[],"yoast_head":"<!-- This site is optimized with the Yoast SEO plugin v27.3 - https:\/\/yoast.com\/product\/yoast-seo-wordpress\/ -->\n<title>Tr\u00e4ffa oss p\u00e5 m\u00e4ssan Ekonomi &amp; f\u00f6retag! - Bolagsstiftarna<\/title>\n<meta name=\"robots\" content=\"index, follow, max-snippet:-1, max-image-preview:large, max-video-preview:-1\" \/>\n<link rel=\"canonical\" href=\"https:\/\/www.bolagsstiftarna.se\/en\/traffa-oss-pa-massan-ekonomi-foretag-4\/\" \/>\n<meta property=\"og:locale\" content=\"en_US\" \/>\n<meta property=\"og:type\" content=\"article\" \/>\n<meta property=\"og:title\" content=\"Tr\u00e4ffa oss p\u00e5 m\u00e4ssan Ekonomi &amp; f\u00f6retag! - Bolagsstiftarna\" \/>\n<meta property=\"og:description\" content=\"I h\u00f6st kommer vi bland annat finnas p\u00e5 plats p\u00e5 m\u00e4ssan Ekonomi &amp; F\u00f6retag p\u00e5 Kistam\u00e4ssan 25 \u2013 26 september. Ni hittar oss i monter E:15, kom g\u00e4rna och [&hellip;]\" \/>\n<meta property=\"og:url\" content=\"https:\/\/www.bolagsstiftarna.se\/en\/traffa-oss-pa-massan-ekonomi-foretag-4\/\" \/>\n<meta property=\"og:site_name\" content=\"Bolagsstiftarna\" \/>\n<meta property=\"article:published_time\" content=\"2024-09-12T11:48:45+00:00\" \/>\n<meta property=\"article:modified_time\" content=\"2024-09-12T11:49:17+00:00\" \/>\n<meta name=\"author\" content=\"admin\" \/>\n<meta name=\"twitter:card\" content=\"summary_large_image\" \/>\n<meta name=\"twitter:label1\" content=\"Written by\" \/>\n\t<meta name=\"twitter:data1\" content=\"admin\" \/>\n\t<meta name=\"twitter:label2\" content=\"Est. reading time\" \/>\n\t<meta name=\"twitter:data2\" content=\"1 minute\" \/>\n<script type=\"application\/ld+json\" class=\"yoast-schema-graph\">{\"@context\":\"https:\\\/\\\/schema.org\",\"@graph\":[{\"@type\":\"Article\",\"@id\":\"https:\\\/\\\/www.bolagsstiftarna.se\\\/traffa-oss-pa-massan-ekonomi-foretag-4\\\/#article\",\"isPartOf\":{\"@id\":\"https:\\\/\\\/www.bolagsstiftarna.se\\\/traffa-oss-pa-massan-ekonomi-foretag-4\\\/\"},\"author\":{\"name\":\"admin\",\"@id\":\"https:\\\/\\\/www.bolagsstiftarna.se\\\/#\\\/schema\\\/person\\\/e660c58a3b1775bae6b74f8535432e5d\"},\"headline\":\"Tr\u00e4ffa oss p\u00e5 m\u00e4ssan Ekonomi &amp; f\u00f6retag!\",\"datePublished\":\"2024-09-12T11:48:45+00:00\",\"dateModified\":\"2024-09-12T11:49:17+00:00\",\"mainEntityOfPage\":{\"@id\":\"https:\\\/\\\/www.bolagsstiftarna.se\\\/traffa-oss-pa-massan-ekonomi-foretag-4\\\/\"},\"wordCount\":124,\"publisher\":{\"@id\":\"https:\\\/\\\/www.bolagsstiftarna.se\\\/#organization\"},\"articleSection\":[\"Bolagsstiftarna\"],\"inLanguage\":\"en-US\"},{\"@type\":\"WebPage\",\"@id\":\"https:\\\/\\\/www.bolagsstiftarna.se\\\/traffa-oss-pa-massan-ekonomi-foretag-4\\\/\",\"url\":\"https:\\\/\\\/www.bolagsstiftarna.se\\\/traffa-oss-pa-massan-ekonomi-foretag-4\\\/\",\"name\":\"Tr\u00e4ffa oss p\u00e5 m\u00e4ssan Ekonomi &amp; f\u00f6retag! - Bolagsstiftarna\",\"isPartOf\":{\"@id\":\"https:\\\/\\\/www.bolagsstiftarna.se\\\/#website\"},\"datePublished\":\"2024-09-12T11:48:45+00:00\",\"dateModified\":\"2024-09-12T11:49:17+00:00\",\"breadcrumb\":{\"@id\":\"https:\\\/\\\/www.bolagsstiftarna.se\\\/traffa-oss-pa-massan-ekonomi-foretag-4\\\/#breadcrumb\"},\"inLanguage\":\"en-US\",\"potentialAction\":[{\"@type\":\"ReadAction\",\"target\":[\"https:\\\/\\\/www.bolagsstiftarna.se\\\/traffa-oss-pa-massan-ekonomi-foretag-4\\\/\"]}]},{\"@type\":\"BreadcrumbList\",\"@id\":\"https:\\\/\\\/www.bolagsstiftarna.se\\\/traffa-oss-pa-massan-ekonomi-foretag-4\\\/#breadcrumb\",\"itemListElement\":[{\"@type\":\"ListItem\",\"position\":1,\"name\":\"Home\",\"item\":\"https:\\\/\\\/www.bolagsstiftarna.se\\\/\"},{\"@type\":\"ListItem\",\"position\":2,\"name\":\"Tr\u00e4ffa oss p\u00e5 m\u00e4ssan Ekonomi &amp; f\u00f6retag!\"}]},{\"@type\":\"WebSite\",\"@id\":\"https:\\\/\\\/www.bolagsstiftarna.se\\\/#website\",\"url\":\"https:\\\/\\\/www.bolagsstiftarna.se\\\/\",\"name\":\"Bolagsstiftarna\",\"description\":\"Lagerbolag &amp; Snabbavveckling\",\"publisher\":{\"@id\":\"https:\\\/\\\/www.bolagsstiftarna.se\\\/#organization\"},\"potentialAction\":[{\"@type\":\"SearchAction\",\"target\":{\"@type\":\"EntryPoint\",\"urlTemplate\":\"https:\\\/\\\/www.bolagsstiftarna.se\\\/?s={search_term_string}\"},\"query-input\":{\"@type\":\"PropertyValueSpecification\",\"valueRequired\":true,\"valueName\":\"search_term_string\"}}],\"inLanguage\":\"en-US\"},{\"@type\":\"Organization\",\"@id\":\"https:\\\/\\\/www.bolagsstiftarna.se\\\/#organization\",\"name\":\"Bolagsstiftarna AB\",\"url\":\"https:\\\/\\\/www.bolagsstiftarna.se\\\/\",\"logo\":{\"@type\":\"ImageObject\",\"inLanguage\":\"en-US\",\"@id\":\"https:\\\/\\\/www.bolagsstiftarna.se\\\/#\\\/schema\\\/logo\\\/image\\\/\",\"url\":\"https:\\\/\\\/d1i97327w94vhu.cloudfront.net\\\/wp-content\\\/uploads\\\/2020\\\/06\\\/25092025\\\/bolagsstiftarna-logo-315.png\",\"contentUrl\":\"https:\\\/\\\/d1i97327w94vhu.cloudfront.net\\\/wp-content\\\/uploads\\\/2020\\\/06\\\/25092025\\\/bolagsstiftarna-logo-315.png\",\"width\":315,\"height\":46,\"caption\":\"Bolagsstiftarna AB\"},\"image\":{\"@id\":\"https:\\\/\\\/www.bolagsstiftarna.se\\\/#\\\/schema\\\/logo\\\/image\\\/\"},\"sameAs\":[\"https:\\\/\\\/www.instagram.com\\\/bolagsstiftarna\\\/\",\"https:\\\/\\\/www.linkedin.com\\\/company\\\/bolagsstiftarna-ab?trk=tyah&amp;amp;trkInfo=tarId:1408967681730,tas:bolagsstif,idx:1-1-1\"]},{\"@type\":\"Person\",\"@id\":\"https:\\\/\\\/www.bolagsstiftarna.se\\\/#\\\/schema\\\/person\\\/e660c58a3b1775bae6b74f8535432e5d\",\"name\":\"admin\",\"image\":{\"@type\":\"ImageObject\",\"inLanguage\":\"en-US\",\"@id\":\"https:\\\/\\\/secure.gravatar.com\\\/avatar\\\/5826744a41ab1abce019b9b45351f474e6f6acad8793cac7825498ec0feb9a81?s=96&d=mm&r=g\",\"url\":\"https:\\\/\\\/secure.gravatar.com\\\/avatar\\\/5826744a41ab1abce019b9b45351f474e6f6acad8793cac7825498ec0feb9a81?s=96&d=mm&r=g\",\"contentUrl\":\"https:\\\/\\\/secure.gravatar.com\\\/avatar\\\/5826744a41ab1abce019b9b45351f474e6f6acad8793cac7825498ec0feb9a81?s=96&d=mm&r=g\",\"caption\":\"admin\"},\"sameAs\":[\"http:\\\/\\\/www.bs.lk\"]}]}<\/script>\n<!-- \/ Yoast SEO plugin. -->","yoast_head_json":{"title":"Tr\u00e4ffa oss p\u00e5 m\u00e4ssan Ekonomi &amp; f\u00f6retag! - Bolagsstiftarna","robots":{"index":"index","follow":"follow","max-snippet":"max-snippet:-1","max-image-preview":"max-image-preview:large","max-video-preview":"max-video-preview:-1"},"canonical":"https:\/\/www.bolagsstiftarna.se\/en\/traffa-oss-pa-massan-ekonomi-foretag-4\/","og_locale":"en_US","og_type":"article","og_title":"Tr\u00e4ffa oss p\u00e5 m\u00e4ssan Ekonomi &amp; f\u00f6retag! - Bolagsstiftarna","og_description":"I h\u00f6st kommer vi bland annat finnas p\u00e5 plats p\u00e5 m\u00e4ssan Ekonomi &amp; F\u00f6retag p\u00e5 Kistam\u00e4ssan 25 \u2013 26 september. Ni hittar oss i monter E:15, kom g\u00e4rna och [&hellip;]","og_url":"https:\/\/www.bolagsstiftarna.se\/en\/traffa-oss-pa-massan-ekonomi-foretag-4\/","og_site_name":"Bolagsstiftarna","article_published_time":"2024-09-12T11:48:45+00:00","article_modified_time":"2024-09-12T11:49:17+00:00","author":"admin","twitter_card":"summary_large_image","twitter_misc":{"Written by":"admin","Est. reading time":"1 minute"},"schema":{"@context":"https:\/\/schema.org","@graph":[{"@type":"Article","@id":"https:\/\/www.bolagsstiftarna.se\/traffa-oss-pa-massan-ekonomi-foretag-4\/#article","isPartOf":{"@id":"https:\/\/www.bolagsstiftarna.se\/traffa-oss-pa-massan-ekonomi-foretag-4\/"},"author":{"name":"admin","@id":"https:\/\/www.bolagsstiftarna.se\/#\/schema\/person\/e660c58a3b1775bae6b74f8535432e5d"},"headline":"Tr\u00e4ffa oss p\u00e5 m\u00e4ssan Ekonomi &amp; f\u00f6retag!","datePublished":"2024-09-12T11:48:45+00:00","dateModified":"2024-09-12T11:49:17+00:00","mainEntityOfPage":{"@id":"https:\/\/www.bolagsstiftarna.se\/traffa-oss-pa-massan-ekonomi-foretag-4\/"},"wordCount":124,"publisher":{"@id":"https:\/\/www.bolagsstiftarna.se\/#organization"},"articleSection":["Bolagsstiftarna"],"inLanguage":"en-US"},{"@type":"WebPage","@id":"https:\/\/www.bolagsstiftarna.se\/traffa-oss-pa-massan-ekonomi-foretag-4\/","url":"https:\/\/www.bolagsstiftarna.se\/traffa-oss-pa-massan-ekonomi-foretag-4\/","name":"Tr\u00e4ffa oss p\u00e5 m\u00e4ssan Ekonomi &amp; f\u00f6retag! - Bolagsstiftarna","isPartOf":{"@id":"https:\/\/www.bolagsstiftarna.se\/#website"},"datePublished":"2024-09-12T11:48:45+00:00","dateModified":"2024-09-12T11:49:17+00:00","breadcrumb":{"@id":"https:\/\/www.bolagsstiftarna.se\/traffa-oss-pa-massan-ekonomi-foretag-4\/#breadcrumb"},"inLanguage":"en-US","potentialAction":[{"@type":"ReadAction","target":["https:\/\/www.bolagsstiftarna.se\/traffa-oss-pa-massan-ekonomi-foretag-4\/"]}]},{"@type":"BreadcrumbList","@id":"https:\/\/www.bolagsstiftarna.se\/traffa-oss-pa-massan-ekonomi-foretag-4\/#breadcrumb","itemListElement":[{"@type":"ListItem","position":1,"name":"Home","item":"https:\/\/www.bolagsstiftarna.se\/"},{"@type":"ListItem","position":2,"name":"Tr\u00e4ffa oss p\u00e5 m\u00e4ssan Ekonomi &amp; f\u00f6retag!"}]},{"@type":"WebSite","@id":"https:\/\/www.bolagsstiftarna.se\/#website","url":"https:\/\/www.bolagsstiftarna.se\/","name":"Bolagsstiftarna","description":"Lagerbolag &amp; Snabbavveckling","publisher":{"@id":"https:\/\/www.bolagsstiftarna.se\/#organization"},"potentialAction":[{"@type":"SearchAction","target":{"@type":"EntryPoint","urlTemplate":"https:\/\/www.bolagsstiftarna.se\/?s={search_term_string}"},"query-input":{"@type":"PropertyValueSpecification","valueRequired":true,"valueName":"search_term_string"}}],"inLanguage":"en-US"},{"@type":"Organization","@id":"https:\/\/www.bolagsstiftarna.se\/#organization","name":"Bolagsstiftarna AB","url":"https:\/\/www.bolagsstiftarna.se\/","logo":{"@type":"ImageObject","inLanguage":"en-US","@id":"https:\/\/www.bolagsstiftarna.se\/#\/schema\/logo\/image\/","url":"https:\/\/d1i97327w94vhu.cloudfront.net\/wp-content\/uploads\/2020\/06\/25092025\/bolagsstiftarna-logo-315.png","contentUrl":"https:\/\/d1i97327w94vhu.cloudfront.net\/wp-content\/uploads\/2020\/06\/25092025\/bolagsstiftarna-logo-315.png","width":315,"height":46,"caption":"Bolagsstiftarna AB"},"image":{"@id":"https:\/\/www.bolagsstiftarna.se\/#\/schema\/logo\/image\/"},"sameAs":["https:\/\/www.instagram.com\/bolagsstiftarna\/","https:\/\/www.linkedin.com\/company\/bolagsstiftarna-ab?trk=tyah&amp;amp;trkInfo=tarId:1408967681730,tas:bolagsstif,idx:1-1-1"]},{"@type":"Person","@id":"https:\/\/www.bolagsstiftarna.se\/#\/schema\/person\/e660c58a3b1775bae6b74f8535432e5d","name":"admin","image":{"@type":"ImageObject","inLanguage":"en-US","@id":"https:\/\/secure.gravatar.com\/avatar\/5826744a41ab1abce019b9b45351f474e6f6acad8793cac7825498ec0feb9a81?s=96&d=mm&r=g","url":"https:\/\/secure.gravatar.com\/avatar\/5826744a41ab1abce019b9b45351f474e6f6acad8793cac7825498ec0feb9a81?s=96&d=mm&r=g","contentUrl":"https:\/\/secure.gravatar.com\/avatar\/5826744a41ab1abce019b9b45351f474e6f6acad8793cac7825498ec0feb9a81?s=96&d=mm&r=g","caption":"admin"},"sameAs":["http:\/\/www.bs.lk"]}]}},"_links":{"self":[{"href":"https:\/\/www.bolagsstiftarna.se\/en\/wp-json\/wp\/v2\/posts\/2136","targetHints":{"allow":["GET"]}}],"collection":[{"href":"https:\/\/www.bolagsstiftarna.se\/en\/wp-json\/wp\/v2\/posts"}],"about":[{"href":"https:\/\/www.bolagsstiftarna.se\/en\/wp-json\/wp\/v2\/types\/post"}],"author":[{"embeddable":true,"href":"https:\/\/www.bolagsstiftarna.se\/en\/wp-json\/wp\/v2\/users\/1"}],"replies":[{"embeddable":true,"href":"https:\/\/www.bolagsstiftarna.se\/en\/wp-json\/wp\/v2\/comments?post=2136"}],"version-history":[{"count":1,"href":"https:\/\/www.bolagsstiftarna.se\/en\/wp-json\/wp\/v2\/posts\/2136\/revisions"}],"predecessor-version":[{"id":2137,"href":"https:\/\/www.bolagsstiftarna.se\/en\/wp-json\/wp\/v2\/posts\/2136\/revisions\/2137"}],"wp:attachment":[{"href":"https:\/\/www.bolagsstiftarna.se\/en\/wp-json\/wp\/v2\/media?parent=2136"}],"wp:term":[{"taxonomy":"category","embeddable":true,"href":"https:\/\/www.bolagsstiftarna.se\/en\/wp-json\/wp\/v2\/categories?post=2136"},{"taxonomy":"post_tag","embeddable":true,"href":"https:\/\/www.bolagsstiftarna.se\/en\/wp-json\/wp\/v2\/tags?post=2136"}],"curies":[{"name":"wp","href":"https:\/\/api.w.org\/{rel}","templated":true}]}}