{"id":993,"date":"2017-09-14T08:36:04","date_gmt":"2017-09-14T08:36:04","guid":{"rendered":"https:\/\/www.bolagsstiftarna.se\/anmal-verklig-huvudman\/"},"modified":"2017-09-14T08:36:04","modified_gmt":"2017-09-14T08:36:04","slug":"anmal-verklig-huvudman","status":"publish","type":"post","link":"https:\/\/www.bolagsstiftarna.se\/en\/anmal-verklig-huvudman\/","title":{"rendered":"Anm\u00e4l verklig huvudman!"},"content":{"rendered":"<p>Med start den 1 september 2017 ska alla aktiebolag anm\u00e4la verklig huvudman till Bolagsverket. En verklig huvudman \u00e4r den eller de personer som ytterst \u00e4ger eller kontrollerar exempelvis ett aktiebolag. En verklig huvudman kan ocks\u00e5 vara den eller de personer som tj\u00e4nar p\u00e5 att n\u00e5gon annan agerar \u00e5t dem.<\/p>\n<p>En verklig huvudman \u00e4r den eller de personer som ytterst \u00e4ger eller kontrollerar aktiebolaget. En person kan kontrollera ett aktiebolag p\u00e5 olika s\u00e4tt, exempelvis:<\/p>\n<p>\u2022 ha mer \u00e4n 25 procent av r\u00f6sterna genom aktier<br \/>\n\u2022 ha r\u00e4tt att utse eller avs\u00e4tta mer \u00e4n h\u00e4lften av styrelseledam\u00f6terna.<\/p>\n<p>Det kan \u00e4ven finnas avtal eller best\u00e4mmelser i exempelvis bolagsordningen som g\u00f6r att en person \u00e4r verklig huvudman.<\/p>\n<p>N\u00e4rst\u00e5ende<\/p>\n<p>Om en person \u00e4ger eller kontrollerar ett aktiebolag tillsammans med n\u00e4rst\u00e5ende, ska deras kontroll r\u00e4knas samman. N\u00e4rst\u00e5ende \u00e4r maka\/make\/sambo\/registrerad partner, f\u00f6r\u00e4ldrar, barn och barnens makar\/sambo\/registrerade partner.<\/p>\n<p>Befintliga f\u00f6retag och f\u00f6reningar \u2014 de som \u00e4r registrerade den 1 augusti 2017 n\u00e4r lagen b\u00f6rjar g\u00e4lla \u2014 m\u00e5ste anm\u00e4la senast den 1 februari 2018.<\/p>\n<p>F\u00f6retag och f\u00f6reningar som registreras fr\u00e5n och med den 1 september 2017 m\u00e5ste anm\u00e4la inom fyra veckor.<\/p>\n<p>De som registreras i augusti 2017 m\u00e5ste anm\u00e4la senast den 30 september 2017.<\/p>\n<p>Om uppgifterna \u00e4ndras ska f\u00f6retaget eller f\u00f6reningen g\u00f6ra en ny anm\u00e4lan utan dr\u00f6jsm\u00e5l.<\/p>\n<p>Anm\u00e4lan ska bland annat inneh\u00e5lla<\/p>\n<p>\u2022 organisationsnummer<br \/>\n\u2022 f\u00f6retagsnamn<br \/>\n\u2022 en fungerande e-postadress<br \/>\n\u2022 namn, personnummer, medborgarskap och bos\u00e4ttningsland f\u00f6r den verkliga huvudmannen*<br \/>\n\u2022 arten av kontroll, dvs. hur den verklige huvudmannen kontrollerar f\u00f6retaget eller f\u00f6reningen<br \/>\n\u2022 omfattningen av kontrollen, i procent<br \/>\n\u2022 uppgift om personen \u00e4ger eller kontrollerar f\u00f6retaget eller f\u00f6reningen tillsammans med n\u00e4rst\u00e5ende eller genom andra f\u00f6retag.<\/p>","protected":false},"excerpt":{"rendered":"<p>Med start den 1 september 2017 ska alla aktiebolag anm\u00e4la verklig huvudman till Bolagsverket. En verklig huvudman \u00e4r den eller de personer som ytterst \u00e4ger eller kontrollerar exempelvis ett [&hellip;]<\/p>\n","protected":false},"author":1,"featured_media":282,"comment_status":"open","ping_status":"open","sticky":false,"template":"","format":"standard","meta":{"_acf_changed":false,"inline_featured_image":false,"footnotes":""},"categories":[9],"tags":[],"class_list":["post-993","post","type-post","status-publish","format-standard","has-post-thumbnail","hentry","category-ovriga-tjanster"],"acf":[],"yoast_head":"<!-- This site is optimized with the Yoast SEO plugin v27.3 - https:\/\/yoast.com\/product\/yoast-seo-wordpress\/ -->\n<title>Anm\u00e4l verklig huvudman! - Bolagsstiftarna<\/title>\n<meta name=\"robots\" content=\"index, follow, max-snippet:-1, max-image-preview:large, max-video-preview:-1\" \/>\n<link rel=\"canonical\" href=\"https:\/\/www.bolagsstiftarna.se\/en\/anmal-verklig-huvudman\/\" \/>\n<meta property=\"og:locale\" content=\"en_US\" \/>\n<meta property=\"og:type\" content=\"article\" \/>\n<meta property=\"og:title\" content=\"Anm\u00e4l verklig huvudman! - Bolagsstiftarna\" \/>\n<meta property=\"og:description\" content=\"Med start den 1 september 2017 ska alla aktiebolag anm\u00e4la verklig huvudman till Bolagsverket. En verklig huvudman \u00e4r den eller de personer som ytterst \u00e4ger eller kontrollerar exempelvis ett [&hellip;]\" \/>\n<meta property=\"og:url\" content=\"https:\/\/www.bolagsstiftarna.se\/en\/anmal-verklig-huvudman\/\" \/>\n<meta property=\"og:site_name\" content=\"Bolagsstiftarna\" \/>\n<meta property=\"article:published_time\" content=\"2017-09-14T08:36:04+00:00\" \/>\n<meta property=\"og:image\" content=\"https:\/\/d1i97327w94vhu.cloudfront.net\/wp-content\/uploads\/2020\/06\/25092012\/bs-image-blue.jpg\" \/>\n\t<meta property=\"og:image:width\" content=\"1200\" \/>\n\t<meta property=\"og:image:height\" content=\"700\" \/>\n\t<meta property=\"og:image:type\" content=\"image\/jpeg\" \/>\n<meta name=\"author\" content=\"admin\" \/>\n<meta name=\"twitter:card\" content=\"summary_large_image\" \/>\n<meta name=\"twitter:label1\" content=\"Written by\" \/>\n\t<meta name=\"twitter:data1\" content=\"admin\" \/>\n\t<meta name=\"twitter:label2\" content=\"Est. reading time\" \/>\n\t<meta name=\"twitter:data2\" content=\"2 minutes\" \/>\n<script type=\"application\/ld+json\" class=\"yoast-schema-graph\">{\"@context\":\"https:\\\/\\\/schema.org\",\"@graph\":[{\"@type\":\"Article\",\"@id\":\"https:\\\/\\\/www.bolagsstiftarna.se\\\/anmal-verklig-huvudman\\\/#article\",\"isPartOf\":{\"@id\":\"https:\\\/\\\/www.bolagsstiftarna.se\\\/anmal-verklig-huvudman\\\/\"},\"author\":{\"name\":\"admin\",\"@id\":\"https:\\\/\\\/www.bolagsstiftarna.se\\\/#\\\/schema\\\/person\\\/e660c58a3b1775bae6b74f8535432e5d\"},\"headline\":\"Anm\u00e4l verklig huvudman!\",\"datePublished\":\"2017-09-14T08:36:04+00:00\",\"mainEntityOfPage\":{\"@id\":\"https:\\\/\\\/www.bolagsstiftarna.se\\\/anmal-verklig-huvudman\\\/\"},\"wordCount\":305,\"commentCount\":0,\"publisher\":{\"@id\":\"https:\\\/\\\/www.bolagsstiftarna.se\\\/#organization\"},\"image\":{\"@id\":\"https:\\\/\\\/www.bolagsstiftarna.se\\\/anmal-verklig-huvudman\\\/#primaryimage\"},\"thumbnailUrl\":\"https:\\\/\\\/d1i97327w94vhu.cloudfront.net\\\/wp-content\\\/uploads\\\/2020\\\/06\\\/25092012\\\/bs-image-blue.jpg\",\"articleSection\":[\"\u00d6vriga tj\u00e4nster\"],\"inLanguage\":\"en-US\"},{\"@type\":\"WebPage\",\"@id\":\"https:\\\/\\\/www.bolagsstiftarna.se\\\/anmal-verklig-huvudman\\\/\",\"url\":\"https:\\\/\\\/www.bolagsstiftarna.se\\\/anmal-verklig-huvudman\\\/\",\"name\":\"Anm\u00e4l verklig huvudman! - Bolagsstiftarna\",\"isPartOf\":{\"@id\":\"https:\\\/\\\/www.bolagsstiftarna.se\\\/#website\"},\"primaryImageOfPage\":{\"@id\":\"https:\\\/\\\/www.bolagsstiftarna.se\\\/anmal-verklig-huvudman\\\/#primaryimage\"},\"image\":{\"@id\":\"https:\\\/\\\/www.bolagsstiftarna.se\\\/anmal-verklig-huvudman\\\/#primaryimage\"},\"thumbnailUrl\":\"https:\\\/\\\/d1i97327w94vhu.cloudfront.net\\\/wp-content\\\/uploads\\\/2020\\\/06\\\/25092012\\\/bs-image-blue.jpg\",\"datePublished\":\"2017-09-14T08:36:04+00:00\",\"breadcrumb\":{\"@id\":\"https:\\\/\\\/www.bolagsstiftarna.se\\\/anmal-verklig-huvudman\\\/#breadcrumb\"},\"inLanguage\":\"en-US\",\"potentialAction\":[{\"@type\":\"ReadAction\",\"target\":[\"https:\\\/\\\/www.bolagsstiftarna.se\\\/anmal-verklig-huvudman\\\/\"]}]},{\"@type\":\"ImageObject\",\"inLanguage\":\"en-US\",\"@id\":\"https:\\\/\\\/www.bolagsstiftarna.se\\\/anmal-verklig-huvudman\\\/#primaryimage\",\"url\":\"https:\\\/\\\/d1i97327w94vhu.cloudfront.net\\\/wp-content\\\/uploads\\\/2020\\\/06\\\/25092012\\\/bs-image-blue.jpg\",\"contentUrl\":\"https:\\\/\\\/d1i97327w94vhu.cloudfront.net\\\/wp-content\\\/uploads\\\/2020\\\/06\\\/25092012\\\/bs-image-blue.jpg\",\"width\":1200,\"height\":700},{\"@type\":\"BreadcrumbList\",\"@id\":\"https:\\\/\\\/www.bolagsstiftarna.se\\\/anmal-verklig-huvudman\\\/#breadcrumb\",\"itemListElement\":[{\"@type\":\"ListItem\",\"position\":1,\"name\":\"Home\",\"item\":\"https:\\\/\\\/www.bolagsstiftarna.se\\\/\"},{\"@type\":\"ListItem\",\"position\":2,\"name\":\"Anm\u00e4l verklig huvudman!\"}]},{\"@type\":\"WebSite\",\"@id\":\"https:\\\/\\\/www.bolagsstiftarna.se\\\/#website\",\"url\":\"https:\\\/\\\/www.bolagsstiftarna.se\\\/\",\"name\":\"Bolagsstiftarna\",\"description\":\"Lagerbolag &amp; Snabbavveckling\",\"publisher\":{\"@id\":\"https:\\\/\\\/www.bolagsstiftarna.se\\\/#organization\"},\"potentialAction\":[{\"@type\":\"SearchAction\",\"target\":{\"@type\":\"EntryPoint\",\"urlTemplate\":\"https:\\\/\\\/www.bolagsstiftarna.se\\\/?s={search_term_string}\"},\"query-input\":{\"@type\":\"PropertyValueSpecification\",\"valueRequired\":true,\"valueName\":\"search_term_string\"}}],\"inLanguage\":\"en-US\"},{\"@type\":\"Organization\",\"@id\":\"https:\\\/\\\/www.bolagsstiftarna.se\\\/#organization\",\"name\":\"Bolagsstiftarna AB\",\"url\":\"https:\\\/\\\/www.bolagsstiftarna.se\\\/\",\"logo\":{\"@type\":\"ImageObject\",\"inLanguage\":\"en-US\",\"@id\":\"https:\\\/\\\/www.bolagsstiftarna.se\\\/#\\\/schema\\\/logo\\\/image\\\/\",\"url\":\"https:\\\/\\\/d1i97327w94vhu.cloudfront.net\\\/wp-content\\\/uploads\\\/2020\\\/06\\\/25092025\\\/bolagsstiftarna-logo-315.png\",\"contentUrl\":\"https:\\\/\\\/d1i97327w94vhu.cloudfront.net\\\/wp-content\\\/uploads\\\/2020\\\/06\\\/25092025\\\/bolagsstiftarna-logo-315.png\",\"width\":315,\"height\":46,\"caption\":\"Bolagsstiftarna AB\"},\"image\":{\"@id\":\"https:\\\/\\\/www.bolagsstiftarna.se\\\/#\\\/schema\\\/logo\\\/image\\\/\"},\"sameAs\":[\"https:\\\/\\\/www.instagram.com\\\/bolagsstiftarna\\\/\",\"https:\\\/\\\/www.linkedin.com\\\/company\\\/bolagsstiftarna-ab?trk=tyah&amp;amp;trkInfo=tarId:1408967681730,tas:bolagsstif,idx:1-1-1\"]},{\"@type\":\"Person\",\"@id\":\"https:\\\/\\\/www.bolagsstiftarna.se\\\/#\\\/schema\\\/person\\\/e660c58a3b1775bae6b74f8535432e5d\",\"name\":\"admin\",\"image\":{\"@type\":\"ImageObject\",\"inLanguage\":\"en-US\",\"@id\":\"https:\\\/\\\/secure.gravatar.com\\\/avatar\\\/5826744a41ab1abce019b9b45351f474e6f6acad8793cac7825498ec0feb9a81?s=96&d=mm&r=g\",\"url\":\"https:\\\/\\\/secure.gravatar.com\\\/avatar\\\/5826744a41ab1abce019b9b45351f474e6f6acad8793cac7825498ec0feb9a81?s=96&d=mm&r=g\",\"contentUrl\":\"https:\\\/\\\/secure.gravatar.com\\\/avatar\\\/5826744a41ab1abce019b9b45351f474e6f6acad8793cac7825498ec0feb9a81?s=96&d=mm&r=g\",\"caption\":\"admin\"},\"sameAs\":[\"http:\\\/\\\/www.bs.lk\"]}]}<\/script>\n<!-- \/ Yoast SEO plugin. -->","yoast_head_json":{"title":"Anm\u00e4l verklig huvudman! - Bolagsstiftarna","robots":{"index":"index","follow":"follow","max-snippet":"max-snippet:-1","max-image-preview":"max-image-preview:large","max-video-preview":"max-video-preview:-1"},"canonical":"https:\/\/www.bolagsstiftarna.se\/en\/anmal-verklig-huvudman\/","og_locale":"en_US","og_type":"article","og_title":"Anm\u00e4l verklig huvudman! - Bolagsstiftarna","og_description":"Med start den 1 september 2017 ska alla aktiebolag anm\u00e4la verklig huvudman till Bolagsverket. En verklig huvudman \u00e4r den eller de personer som ytterst \u00e4ger eller kontrollerar exempelvis ett [&hellip;]","og_url":"https:\/\/www.bolagsstiftarna.se\/en\/anmal-verklig-huvudman\/","og_site_name":"Bolagsstiftarna","article_published_time":"2017-09-14T08:36:04+00:00","og_image":[{"width":1200,"height":700,"url":"https:\/\/d1i97327w94vhu.cloudfront.net\/wp-content\/uploads\/2020\/06\/25092012\/bs-image-blue.jpg","type":"image\/jpeg"}],"author":"admin","twitter_card":"summary_large_image","twitter_misc":{"Written by":"admin","Est. reading time":"2 minutes"},"schema":{"@context":"https:\/\/schema.org","@graph":[{"@type":"Article","@id":"https:\/\/www.bolagsstiftarna.se\/anmal-verklig-huvudman\/#article","isPartOf":{"@id":"https:\/\/www.bolagsstiftarna.se\/anmal-verklig-huvudman\/"},"author":{"name":"admin","@id":"https:\/\/www.bolagsstiftarna.se\/#\/schema\/person\/e660c58a3b1775bae6b74f8535432e5d"},"headline":"Anm\u00e4l verklig huvudman!","datePublished":"2017-09-14T08:36:04+00:00","mainEntityOfPage":{"@id":"https:\/\/www.bolagsstiftarna.se\/anmal-verklig-huvudman\/"},"wordCount":305,"commentCount":0,"publisher":{"@id":"https:\/\/www.bolagsstiftarna.se\/#organization"},"image":{"@id":"https:\/\/www.bolagsstiftarna.se\/anmal-verklig-huvudman\/#primaryimage"},"thumbnailUrl":"https:\/\/d1i97327w94vhu.cloudfront.net\/wp-content\/uploads\/2020\/06\/25092012\/bs-image-blue.jpg","articleSection":["\u00d6vriga tj\u00e4nster"],"inLanguage":"en-US"},{"@type":"WebPage","@id":"https:\/\/www.bolagsstiftarna.se\/anmal-verklig-huvudman\/","url":"https:\/\/www.bolagsstiftarna.se\/anmal-verklig-huvudman\/","name":"Anm\u00e4l verklig huvudman! - Bolagsstiftarna","isPartOf":{"@id":"https:\/\/www.bolagsstiftarna.se\/#website"},"primaryImageOfPage":{"@id":"https:\/\/www.bolagsstiftarna.se\/anmal-verklig-huvudman\/#primaryimage"},"image":{"@id":"https:\/\/www.bolagsstiftarna.se\/anmal-verklig-huvudman\/#primaryimage"},"thumbnailUrl":"https:\/\/d1i97327w94vhu.cloudfront.net\/wp-content\/uploads\/2020\/06\/25092012\/bs-image-blue.jpg","datePublished":"2017-09-14T08:36:04+00:00","breadcrumb":{"@id":"https:\/\/www.bolagsstiftarna.se\/anmal-verklig-huvudman\/#breadcrumb"},"inLanguage":"en-US","potentialAction":[{"@type":"ReadAction","target":["https:\/\/www.bolagsstiftarna.se\/anmal-verklig-huvudman\/"]}]},{"@type":"ImageObject","inLanguage":"en-US","@id":"https:\/\/www.bolagsstiftarna.se\/anmal-verklig-huvudman\/#primaryimage","url":"https:\/\/d1i97327w94vhu.cloudfront.net\/wp-content\/uploads\/2020\/06\/25092012\/bs-image-blue.jpg","contentUrl":"https:\/\/d1i97327w94vhu.cloudfront.net\/wp-content\/uploads\/2020\/06\/25092012\/bs-image-blue.jpg","width":1200,"height":700},{"@type":"BreadcrumbList","@id":"https:\/\/www.bolagsstiftarna.se\/anmal-verklig-huvudman\/#breadcrumb","itemListElement":[{"@type":"ListItem","position":1,"name":"Home","item":"https:\/\/www.bolagsstiftarna.se\/"},{"@type":"ListItem","position":2,"name":"Anm\u00e4l verklig huvudman!"}]},{"@type":"WebSite","@id":"https:\/\/www.bolagsstiftarna.se\/#website","url":"https:\/\/www.bolagsstiftarna.se\/","name":"Bolagsstiftarna","description":"Lagerbolag &amp; Snabbavveckling","publisher":{"@id":"https:\/\/www.bolagsstiftarna.se\/#organization"},"potentialAction":[{"@type":"SearchAction","target":{"@type":"EntryPoint","urlTemplate":"https:\/\/www.bolagsstiftarna.se\/?s={search_term_string}"},"query-input":{"@type":"PropertyValueSpecification","valueRequired":true,"valueName":"search_term_string"}}],"inLanguage":"en-US"},{"@type":"Organization","@id":"https:\/\/www.bolagsstiftarna.se\/#organization","name":"Bolagsstiftarna AB","url":"https:\/\/www.bolagsstiftarna.se\/","logo":{"@type":"ImageObject","inLanguage":"en-US","@id":"https:\/\/www.bolagsstiftarna.se\/#\/schema\/logo\/image\/","url":"https:\/\/d1i97327w94vhu.cloudfront.net\/wp-content\/uploads\/2020\/06\/25092025\/bolagsstiftarna-logo-315.png","contentUrl":"https:\/\/d1i97327w94vhu.cloudfront.net\/wp-content\/uploads\/2020\/06\/25092025\/bolagsstiftarna-logo-315.png","width":315,"height":46,"caption":"Bolagsstiftarna AB"},"image":{"@id":"https:\/\/www.bolagsstiftarna.se\/#\/schema\/logo\/image\/"},"sameAs":["https:\/\/www.instagram.com\/bolagsstiftarna\/","https:\/\/www.linkedin.com\/company\/bolagsstiftarna-ab?trk=tyah&amp;amp;trkInfo=tarId:1408967681730,tas:bolagsstif,idx:1-1-1"]},{"@type":"Person","@id":"https:\/\/www.bolagsstiftarna.se\/#\/schema\/person\/e660c58a3b1775bae6b74f8535432e5d","name":"admin","image":{"@type":"ImageObject","inLanguage":"en-US","@id":"https:\/\/secure.gravatar.com\/avatar\/5826744a41ab1abce019b9b45351f474e6f6acad8793cac7825498ec0feb9a81?s=96&d=mm&r=g","url":"https:\/\/secure.gravatar.com\/avatar\/5826744a41ab1abce019b9b45351f474e6f6acad8793cac7825498ec0feb9a81?s=96&d=mm&r=g","contentUrl":"https:\/\/secure.gravatar.com\/avatar\/5826744a41ab1abce019b9b45351f474e6f6acad8793cac7825498ec0feb9a81?s=96&d=mm&r=g","caption":"admin"},"sameAs":["http:\/\/www.bs.lk"]}]}},"_links":{"self":[{"href":"https:\/\/www.bolagsstiftarna.se\/en\/wp-json\/wp\/v2\/posts\/993","targetHints":{"allow":["GET"]}}],"collection":[{"href":"https:\/\/www.bolagsstiftarna.se\/en\/wp-json\/wp\/v2\/posts"}],"about":[{"href":"https:\/\/www.bolagsstiftarna.se\/en\/wp-json\/wp\/v2\/types\/post"}],"author":[{"embeddable":true,"href":"https:\/\/www.bolagsstiftarna.se\/en\/wp-json\/wp\/v2\/users\/1"}],"replies":[{"embeddable":true,"href":"https:\/\/www.bolagsstiftarna.se\/en\/wp-json\/wp\/v2\/comments?post=993"}],"version-history":[{"count":0,"href":"https:\/\/www.bolagsstiftarna.se\/en\/wp-json\/wp\/v2\/posts\/993\/revisions"}],"wp:featuredmedia":[{"embeddable":true,"href":"https:\/\/www.bolagsstiftarna.se\/en\/wp-json\/wp\/v2\/media\/282"}],"wp:attachment":[{"href":"https:\/\/www.bolagsstiftarna.se\/en\/wp-json\/wp\/v2\/media?parent=993"}],"wp:term":[{"taxonomy":"category","embeddable":true,"href":"https:\/\/www.bolagsstiftarna.se\/en\/wp-json\/wp\/v2\/categories?post=993"},{"taxonomy":"post_tag","embeddable":true,"href":"https:\/\/www.bolagsstiftarna.se\/en\/wp-json\/wp\/v2\/tags?post=993"}],"curies":[{"name":"wp","href":"https:\/\/api.w.org\/{rel}","templated":true}]}}